{"id":6527503,"date":"2026-09-01T17:52:34","date_gmt":"2026-09-01T15:52:34","guid":{"rendered":"https:\/\/www.sip.ch\/vous-vous-installez-en-suisse-avec-une-assurance-maladie-internationale-a-lire-dabord\/"},"modified":"2026-09-01T17:54:56","modified_gmt":"2026-09-01T15:54:56","slug":"vous-vous-installez-en-suisse-avec-une-assurance-maladie-internationale","status":"publish","type":"post","link":"https:\/\/www.sip.ch\/fr\/vous-vous-installez-en-suisse-avec-une-assurance-maladie-internationale\/","title":{"rendered":"Vous vous installez en Suisse avec une assurance maladie internationale ? \u00c0 lire d\u2019abord"},"content":{"rendered":"<p><strong>En bref :<\/strong> Beaucoup de personnes qui s\u2019installent en Suisse supposent que l\u2019assurance maladie priv\u00e9e internationale (IPMI) qu\u2019elles d\u00e9tiennent d\u00e9j\u00e0 les couvrira une fois sur place. Pour la plupart, ce n\u2019est pas le cas \u2014 la loi suisse impose aux r\u00e9sidents de souscrire une assurance de base locale dans les trois mois suivant apr\u00e8s leur arriv\u00e9e. La couverture internationale garde un r\u00f4le important, mais en tant que compl\u00e9ment au syst\u00e8me suisse plut\u00f4t que substitut. Comme les d\u00e9cisions prises les premiers mois fa\u00e7onnent vos options pour des ann\u00e9es, il vaut la peine de se faire conseiller t\u00f4t par un sp\u00e9cialiste ind\u00e9pendant tel qu\u2019Expat Savvy, capable de vous conseiller sur l\u2019ensemble du syst\u00e8me d\u2019assurance suisse.<\/p>\n<h2>L\u2019hypoth\u00e8se qui pi\u00e8ge presque tout le monde<\/h2>\n<p>Si vous vous installez en Suisse \u2014 dans le cadre d\u2019un package d\u2019entreprise ou en tant que professionnel internationalement mobile \u2014 il y a de fortes chances pour que vous d\u00e9teniez d\u00e9j\u00e0 une assurance sant\u00e9 internationale, et que vous supposiez raisonnablement qu\u2019elle vous servira ici comme ailleurs.<\/p>\n<p>La Suisse traite la r\u00e9sidence diff\u00e9remment. Selon la Loi f\u00e9d\u00e9rale sur l\u2019assurance-maladie, toute personne qui prend domicile en Suisse doit souscrire une assurance de base suisse (LAMal) dans les trois mois suivant son arriv\u00e9e, avec effet r\u00e9troactif \u00e0 la date d\u2019arriv\u00e9e. L\u2019assurance de base est un produit sp\u00e9cifique et r\u00e9glement\u00e9, int\u00e9gr\u00e9 au syst\u00e8me de sant\u00e9 et de facturation cantonal ; pour la plupart des r\u00e9sidents, une police internationale \u2014 aussi compl\u00e8te soit-elle \u2014 ne remplit pas cette obligation l\u00e9gale.<\/p>\n<p>Des exceptions existent, mais elles sont limit\u00e9es : diplomates et personnel d\u2019organisations internationales, certains frontaliers, travailleurs d\u00e9tach\u00e9s pour moins de 24 mois avec certificat A1, \u00e9tudiants de moins de 30 ans disposant d\u2019une couverture \u00e9quivalente dans leur pays, et s\u00e9jours de moins de trois mois. La plupart des arrivants se situent en dehors de ces cat\u00e9gories. Pass\u00e9 le d\u00e9lai, le canton peut affilier d\u2019office, avec effet r\u00e9troactif, et appliquer une surprime pouvant atteindre 50 %.<\/p>\n<p>La conclusion pratique est simple : en Suisse, l\u2019assurance internationale s\u2019integre au mieux comme un compl\u00e9ment au syst\u00e8me local, non comme un substitut.<\/p>\n<h2>La structuration qui fonctionne<\/h2>\n<p><img fetchpriority=\"high\" decoding=\"async\" class=\"aligncenter size-full wp-image-6527492\" src=\"https:\/\/www.sip.ch\/wp-content\/uploads\/2026\/09\/family-health-insurance-consultation-switzerland.jpg\" alt=\"Family consulting an advisor about Swiss health insurance\" width=\"1200\" height=\"675\" srcset=\"https:\/\/www.sip.ch\/wp-content\/uploads\/2026\/09\/family-health-insurance-consultation-switzerland.jpg 1200w, https:\/\/www.sip.ch\/wp-content\/uploads\/2026\/09\/family-health-insurance-consultation-switzerland-300x169.jpg 300w, https:\/\/www.sip.ch\/wp-content\/uploads\/2026\/09\/family-health-insurance-consultation-switzerland-1024x576.jpg 1024w, https:\/\/www.sip.ch\/wp-content\/uploads\/2026\/09\/family-health-insurance-consultation-switzerland-768x432.jpg 768w\" sizes=\"(max-width: 1200px) 100vw, 1200px\" \/><\/p>\n<p>Le syst\u00e8me suisse comporte deux couches, et l\u2019essentiel de la valeur tient \u00e0 la mani\u00e8re de les combiner.<\/p>\n<p>L\u2019assurance de base (LAMal) est obligatoire et standardis\u00e9e : chaque assureur offre le m\u00eame catalogue de prestations, si bien que les diff\u00e9rences se jouent sur le prix, la franchise et le mod\u00e8le de service. L\u2019assurance compl\u00e9mentaire (LCA) est l\u00e0 o\u00f9 vous fa\u00e7onnez l\u2019exp\u00e9rience \u2014 chambre priv\u00e9e ou mi-priv\u00e9e, libre choix du m\u00e9decin et de la clinique, couverture d\u2019urgence mondiale, soins dentaires et m\u00e9decine compl\u00e9mentaire. Cette couche est soumise \u00e0 un questionnaire m\u00e9dical : la compl\u00e9mentaire que vous pouvez obtenir, et ce que vous payez pour elle, d\u00e9pend de votre \u00e9tat de sant\u00e9 au moment de la demande.<\/p>\n<p>Pour les personnes v\u00e9ritablement mobiles \u00e0 l\u2019international, une police internationale peut rester recommand\u00e9e \u2014 aux c\u00f4t\u00e9s des couches suisses ou en remplacement de la LCA \u2014 en cas de voyages et traitements transfrontaliers fr\u00e9quents, ou lorsqu\u2019un d\u00e9part futur de Suisse constitue une r\u00e9elle possibilit\u00e9. \u00c9valuer et articuler les deux exige une expertise qui ne s\u2019arr\u00eate pas \u00e0 la fronti\u00e8re suisse. Le socle, toutefois, doit \u00eatre suisse, et les couches doivent \u00eatre con\u00e7ues ensemble afin de se compl\u00e9ter plut\u00f4t que se doubler.<\/p>\n<h2>Les points qui se r\u00e9v\u00e8lent apr\u00e8s des ann\u00e9es<\/h2>\n<p>Les d\u00e9cisions qui paraissent anodines \u00e0 l\u2019arriv\u00e9e peuvent avoir des cons\u00e9quences importantes \u00e0 long terme. Faute d\u2019un conseil ad\u00e9quat, les erreurs co\u00fbteuses ne se r\u00e9v\u00e8lent souvent que bien plus tard.<\/p>\n<p><strong>La portabilit\u00e9.<\/strong> La couverture suisse vous prot\u00e8ge tant que vous r\u00e9sidez en Suisse. L\u2019assurance de base cesse \u00e0 votre d\u00e9part, et la plupart des compl\u00e9mentaires cessent avec elle. Si la Suisse n\u2019est qu\u2019une \u00e9tape d\u2019une vie internationale, la sortie se pense au mieux d\u00e8s le d\u00e9part, et non une fois le d\u00e9m\u00e9nagement d\u00e9j\u00e0 d\u00e9cid\u00e9.<\/p>\n<p><strong>L\u2019assurabilit\u00e9 future.<\/strong> Supposons que, durant vos ann\u00e9es en Suisse, un diagnostic entre dans vos ant\u00e9c\u00e9dents m\u00e9dicaux. Lors de votre prochaine demande de couverture priv\u00e9e internationale, vous remplissez une nouvelle d\u00e9claration de sant\u00e9, et un assureur peut vous refuser, exclure l\u2019affection ou majorer la prime. Le moment pour s\u00e9curiser votre assurabilit\u00e9 future, c\u2019est tant que votre sant\u00e9 est encore intacte \u2014 id\u00e9alement avant tout diagnostic ou traitement s\u00e9rieux. Cela inclut des affections tr\u00e8s r\u00e9pandues dans la population, comme l\u2019hypertension, un taux de cholest\u00e9rol \u00e9lev\u00e9 ou un dysfonctionnement thyro\u00efdien, qui repr\u00e9sentent un risque accru pour un assureur et peuvent conduire \u00e0 des conditions moins favorables.<\/p>\n<p><strong>L\u2019\u00e9volution des primes dans le temps.<\/strong> Les primes des compl\u00e9mentaires suisses d\u00e9pendent de l\u2019\u00e2ge et tendent \u00e0 augmenter avec les ann\u00e9es, et de nouvelles demandes peuvent \u00eatre refus\u00e9es plus tard dans la vie. Une police choisie surtout pour son prix d\u2019entr\u00e9e peut sembler tr\u00e8s diff\u00e9rente sur une p\u00e9riode de vingt ans, d\u2019o\u00f9 l\u2019attention \u00e0 porter \u00e0 la trajectoire de long terme.<\/p>\n<p><strong>Brochure et pratique des sinistres.<\/strong> La couverture d\u00e9crite dans une brochure et celle qu\u2019un assureur applique r\u00e9ellement au moment du sinistre ne sont souvent pas les m\u00eames. Comprendre comment les diff\u00e9rents assureurs abordent les approbations, les cas complexes et les clients de longue date vient de l\u2019exp\u00e9rience du r\u00e8glement des sinistres, non d\u2019un tableau comparatif.<\/p>\n\t\t<div data-elementor-type=\"section\" data-elementor-id=\"6526894\" class=\"elementor elementor-6526894\" data-elementor-post-type=\"elementor_library\">\n\t\t\t\t\t<section class=\"elementor-section elementor-top-section elementor-element elementor-element-219cfc4 elementor-section-boxed elementor-section-height-default elementor-section-height-default\" data-id=\"219cfc4\" data-element_type=\"section\" data-e-type=\"section\">\n\t\t\t\t\t\t\t<div class=\"elementor-background-overlay\"><\/div>\n\t\t\t\t\t\t\t<div class=\"elementor-container elementor-column-gap-default\">\n\t\t\t\t\t<div class=\"elementor-column elementor-col-66 elementor-top-column elementor-element elementor-element-8da8d00\" data-id=\"8da8d00\" data-element_type=\"column\" data-e-type=\"column\">\n\t\t\t<div class=\"elementor-widget-wrap elementor-element-populated\">\n\t\t\t\t\t\t<div class=\"elementor-element elementor-element-6e221aa white-text elementor-widget elementor-widget-heading\" data-id=\"6e221aa\" data-element_type=\"widget\" data-e-type=\"widget\" id=\"white-text-font\" data-widget_type=\"heading.default\">\n\t\t\t\t<div class=\"elementor-widget-container\">\n\t\t\t\t\t<h2 class=\"elementor-heading-title elementor-size-default\">Un Family Office pour votre sant\u00e9.\n\n<\/h2>\t\t\t\t<\/div>\n\t\t\t\t<\/div>\n\t\t\t\t<div class=\"elementor-element elementor-element-9f0dd39 elementor-widget elementor-widget-text-editor\" data-id=\"9f0dd39\" data-element_type=\"widget\" data-e-type=\"widget\" id=\"white-text\" data-widget_type=\"text-editor.default\">\n\t\t\t\t<div class=\"elementor-widget-container\">\n\t\t\t\t\t\t\t\t\t<p><br \/>Service de conciergerie m\u00e9dicale complet, acc\u00e8s \u00e0 des programmes exclusifs de bilan de sant\u00e9 et de long\u00e9vit\u00e9, gestion des dossiers m\u00e9dicaux, et bien plus encore.<\/p>\t\t\t\t\t\t\t\t<\/div>\n\t\t\t\t<\/div>\n\t\t\t\t<div class=\"elementor-element elementor-element-0adfd79 elementor-align-left elementor-widget elementor-widget-button\" data-id=\"0adfd79\" data-element_type=\"widget\" data-e-type=\"widget\" data-widget_type=\"button.default\">\n\t\t\t\t<div class=\"elementor-widget-container\">\n\t\t\t\t\t\t\t\t\t<div class=\"elementor-button-wrapper\">\n\t\t\t\t\t<a class=\"elementor-button elementor-button-link elementor-size-sm\" href=\"#elementor-action%3Aaction%3Dpopup%3Aopen%26settings%3DeyJpZCI6IjYwMjI1ODIiLCJ0b2dnbGUiOmZhbHNlfQ%3D%3D\">\n\t\t\t\t\t\t<span class=\"elementor-button-content-wrapper\">\n\t\t\t\t\t\t\t\t\t<span class=\"elementor-button-text\"> Nous contacter<\/span>\n\t\t\t\t\t<\/span>\n\t\t\t\t\t<\/a>\n\t\t\t\t<\/div>\n\t\t\t\t\t\t\t\t<\/div>\n\t\t\t\t<\/div>\n\t\t\t\t\t<\/div>\n\t\t<\/div>\n\t\t\t\t<div class=\"elementor-column elementor-col-33 elementor-top-column elementor-element elementor-element-1a29549\" data-id=\"1a29549\" data-element_type=\"column\" data-e-type=\"column\">\n\t\t\t<div class=\"elementor-widget-wrap elementor-element-populated\">\n\t\t\t\t\t\t<div class=\"elementor-element elementor-element-352d528 elementor-widget elementor-widget-image\" data-id=\"352d528\" data-element_type=\"widget\" data-e-type=\"widget\" data-widget_type=\"image.default\">\n\t\t\t\t<div class=\"elementor-widget-container\">\n\t\t\t\t\t\t\t\t\t\t\t\t\t\t\t<img decoding=\"async\" width=\"540\" height=\"351\" src=\"https:\/\/www.sip.ch\/wp-content\/uploads\/2025\/11\/img_2.jpg\" class=\"attachment-large size-large wp-image-6524823\" alt=\"\" srcset=\"https:\/\/www.sip.ch\/wp-content\/uploads\/2025\/11\/img_2.jpg 540w, https:\/\/www.sip.ch\/wp-content\/uploads\/2025\/11\/img_2-300x195.jpg 300w\" sizes=\"(max-width: 540px) 100vw, 540px\" \/>\t\t\t\t\t\t\t\t\t\t\t\t\t\t\t<\/div>\n\t\t\t\t<\/div>\n\t\t\t\t\t<\/div>\n\t\t<\/div>\n\t\t\t\t\t<\/div>\n\t\t<\/section>\n\t\t\t\t<\/div>\n\t\t\n<h2>Garder vos options mondiales ouvertes<\/h2>\n<p>Il existe un moyen d\u2019aborder l\u2019obligation locale suisse sans fermer la flexibilit\u00e9 future \u2014 et il touche directement \u00e0 la question de l\u2019assurabilit\u00e9.<\/p>\n<p>Certains assureurs compl\u00e9mentaires suisses permettent, lors d\u2019un d\u00e9part \u00e0 l\u2019\u00e9tranger, de basculer vers une couverture priv\u00e9e mondiale sans nouveau questionnaire m\u00e9dical, et reconnaissent la p\u00e9riode d\u00e9j\u00e0 assur\u00e9e, pr\u00e9servant la continuit\u00e9 au d\u00e9part de Suisse et, dans certains cas, au retour. Avec la bonne approche, cela peut permettre \u00e0 une famille de conserver une couverture suisse compl\u00e8te tout en gardant la possibilit\u00e9 de passer plus tard \u00e0 une police internationale sans \u00eatre r\u00e9\u00e9valu\u00e9e sur son \u00e9tat de sant\u00e9.<\/p>\n<p>Le point pertinent tient moins au produit d\u2019un assureur particulier qu\u2019\u00e0 la connaissance des assureurs qui offrent une telle continuit\u00e9, \u00e0 quelles conditions, et de la mani\u00e8re dont elle s\u2019aligne sur votre parcours probable. Peu de courtiers disposent de ce savoir-faire de niche, surtout pertinent pour les expatri\u00e9s entrants et les personnes fortun\u00e9es. Les conseillers sp\u00e9cialis\u00e9s aupr\u00e8s des expatri\u00e9s entrants posent les questions qui d\u00e9terminent si une solution suisse domestique suffit ou si une option internationale s\u2019impose \u2014 afin d\u2019\u00e9viter de tomber dans un pi\u00e8ge quelques ann\u00e9es plus tard.<\/p>\n<h2>N\u2019oubliez pas le 3e pilier<\/h2>\n<p>L\u2019assurance maladie est la d\u00e9cision urgente \u00e0 l\u2019arriv\u00e9e. Le 3e pilier se n\u00e9glige plus facilement, et m\u00e9rite pourtant l\u2019attention.<\/p>\n<p>Le pilier 3a suisse permet une \u00e9pargne de pr\u00e9voyance d\u00e9ductible fiscalement \u2014 jusqu\u2019\u00e0 CHF 7 258 en 2026 pour les salari\u00e9s affili\u00e9s \u00e0 une caisse de pension. Sur une mission de plusieurs ann\u00e9es, cela peut repr\u00e9senter une \u00e9conomie d\u2019imp\u00f4t r\u00e9currente significative, constituant un capital qui vous appartient, mobilisable pour l\u2019achat d\u2019un logement et vers\u00e9 lors d\u2019un d\u00e9part d\u00e9finitif de Suisse selon les r\u00e8gles en vigueur. Des r\u00e9formes r\u00e9centes autorisent \u00e9galement des rachats r\u00e9troactifs pour les ann\u00e9es manqu\u00e9es, dans certaines conditions.<\/p>\n<p>Parce que le 3e pilier se situe au croisement de l\u2019assurance, de la fiscalit\u00e9 et de la planification transfrontali\u00e8re, il est pr\u00e9f\u00e9rable de le consid\u00e9rer avec la couverture sant\u00e9 et vie, et non isol\u00e9ment.<\/p>\n<h2>Points de contact utiles pour s\u2019installer en Suisse<\/h2>\n<p><img decoding=\"async\" class=\"aligncenter size-full wp-image-6527495\" src=\"https:\/\/www.sip.ch\/wp-content\/uploads\/2026\/09\/family-relocating-abroad-airport.jpg\" alt=\"Family relocating abroad with luggage at an airport\" width=\"1200\" height=\"675\" srcset=\"https:\/\/www.sip.ch\/wp-content\/uploads\/2026\/09\/family-relocating-abroad-airport.jpg 1200w, https:\/\/www.sip.ch\/wp-content\/uploads\/2026\/09\/family-relocating-abroad-airport-300x169.jpg 300w, https:\/\/www.sip.ch\/wp-content\/uploads\/2026\/09\/family-relocating-abroad-airport-1024x576.jpg 1024w, https:\/\/www.sip.ch\/wp-content\/uploads\/2026\/09\/family-relocating-abroad-airport-768x432.jpg 768w\" sizes=\"(max-width: 1200px) 100vw, 1200px\" \/><\/p>\n<p>Pour les assurances domestiques, y compris l\u2019assurance maladie et l\u2019assurance vie, <a href=\"https:\/\/expat-savvy.ch\" target=\"_blank\" rel=\"noopener\">expat-savvy.ch<\/a> est sp\u00e9cialis\u00e9 dans les expatri\u00e9s. Pour la logistique du d\u00e9m\u00e9nagement \u2014 entreprise de d\u00e9m\u00e9nagement, recherche d\u2019\u00e9cole, formalit\u00e9s d\u2019inscription \u2014 vous pouvez envisager <a href=\"https:\/\/www.relofinder.ch\" target=\"_blank\" rel=\"noopener\">relofinder.ch<\/a>. Pour la recherche de biens hors march\u00e9 dans les march\u00e9s locatifs tendus (Zurich, Zoug, Gen\u00e8ve), jetez un \u0153il \u00e0 <a href=\"https:\/\/www.offlist.ch\" target=\"_blank\" rel=\"noopener\">offlist.ch<\/a>. Et pour un conseil en assurance ind\u00e9pendant en allemand, destin\u00e9 aux m\u00e9nages germanophones, <a href=\"https:\/\/thatday.ch\" target=\"_blank\" rel=\"noopener\">thatday.ch<\/a> adopte la m\u00eame approche.<\/p>\n<h2>En conclusion<\/h2>\n<p>Si vous vous installez en Suisse avec une police sant\u00e9 internationale, gardez \u00e0 l\u2019esprit que vous aurez tr\u00e8s probablement besoin de l\u2019assurance de base suisse \u00e9galement, et que la fa\u00e7on dont vous structurez votre compl\u00e9mentaire aujourd\u2019hui fa\u00e7onne vos options pour des ann\u00e9es. Anticipez la portabilit\u00e9, prot\u00e9gez votre assurabilit\u00e9 tant que vous \u00eates en bonne sant\u00e9, tenez compte du co\u00fbt de long terme, et gardez vos options mondiales ouvertes gr\u00e2ce \u00e0 la bonne relation d\u2019assureur.<\/p>\n<p>Men\u00e9e ainsi, avec les bons sp\u00e9cialistes de chaque c\u00f4t\u00e9, la Suisse devient ce qu\u2019elle doit \u00eatre : un chapitre bien couvert d\u2019une vie internationale.<\/p>\n\t\t<div data-elementor-type=\"section\" data-elementor-id=\"6526897\" class=\"elementor elementor-6526897\" data-elementor-post-type=\"elementor_library\">\n\t\t\t\t\t<section class=\"elementor-section elementor-top-section elementor-element elementor-element-219cfc4 elementor-section-boxed elementor-section-height-default elementor-section-height-default\" data-id=\"219cfc4\" data-element_type=\"section\" data-e-type=\"section\">\n\t\t\t\t\t\t\t<div class=\"elementor-background-overlay\"><\/div>\n\t\t\t\t\t\t\t<div class=\"elementor-container elementor-column-gap-default\">\n\t\t\t\t\t<div class=\"elementor-column elementor-col-66 elementor-top-column elementor-element elementor-element-8da8d00\" data-id=\"8da8d00\" data-element_type=\"column\" data-e-type=\"column\">\n\t\t\t<div class=\"elementor-widget-wrap elementor-element-populated\">\n\t\t\t\t\t\t<div class=\"elementor-element elementor-element-6e221aa elementor-widget elementor-widget-heading\" data-id=\"6e221aa\" data-element_type=\"widget\" data-e-type=\"widget\" id=\"white-text-font\" data-widget_type=\"heading.default\">\n\t\t\t\t<div class=\"elementor-widget-container\">\n\t\t\t\t\t<h2 class=\"elementor-heading-title elementor-size-default\">\nProt\u00e9gez ce qui compte le plus : votre sant\u00e9.<\/h2>\t\t\t\t<\/div>\n\t\t\t\t<\/div>\n\t\t\t\t<div class=\"elementor-element elementor-element-9f0dd39 elementor-widget elementor-widget-text-editor\" data-id=\"9f0dd39\" data-element_type=\"widget\" data-e-type=\"widget\" id=\"white-text\" data-widget_type=\"text-editor.default\">\n\t\t\t\t<div class=\"elementor-widget-container\">\n\t\t\t\t\t\t\t\t\t<p><br \/>Acc\u00e9dez aux meilleurs experts m\u00e9dicaux du monde, \u00e0 des programmes exclusifs de pr\u00e9vention et \u00e0 une \u00e9quipe d\u00e9di\u00e9e g\u00e9rant votre sant\u00e9 sur le long terme.<\/p>\t\t\t\t\t\t\t\t<\/div>\n\t\t\t\t<\/div>\n\t\t\t\t<div class=\"elementor-element elementor-element-0adfd79 elementor-align-left elementor-widget elementor-widget-button\" data-id=\"0adfd79\" data-element_type=\"widget\" data-e-type=\"widget\" data-widget_type=\"button.default\">\n\t\t\t\t<div class=\"elementor-widget-container\">\n\t\t\t\t\t\t\t\t\t<div class=\"elementor-button-wrapper\">\n\t\t\t\t\t<a class=\"elementor-button elementor-button-link elementor-size-sm\" href=\"https:\/\/www.sip.ch\/fr\/contact\/\" target=\"_blank\">\n\t\t\t\t\t\t<span class=\"elementor-button-content-wrapper\">\n\t\t\t\t\t\t\t\t\t<span class=\"elementor-button-text\"> En savoir plus<\/span>\n\t\t\t\t\t<\/span>\n\t\t\t\t\t<\/a>\n\t\t\t\t<\/div>\n\t\t\t\t\t\t\t\t<\/div>\n\t\t\t\t<\/div>\n\t\t\t\t\t<\/div>\n\t\t<\/div>\n\t\t\t\t<div class=\"elementor-column elementor-col-33 elementor-top-column elementor-element elementor-element-1a29549\" data-id=\"1a29549\" data-element_type=\"column\" data-e-type=\"column\">\n\t\t\t<div class=\"elementor-widget-wrap elementor-element-populated\">\n\t\t\t\t\t\t<div class=\"elementor-element elementor-element-2f6966f elementor-widget elementor-widget-image\" data-id=\"2f6966f\" data-element_type=\"widget\" data-e-type=\"widget\" data-widget_type=\"image.default\">\n\t\t\t\t<div class=\"elementor-widget-container\">\n\t\t\t\t\t\t\t\t\t\t\t\t\t\t\t<img loading=\"lazy\" decoding=\"async\" width=\"540\" height=\"351\" src=\"https:\/\/www.sip.ch\/wp-content\/uploads\/2025\/11\/img_3.jpg.jpeg\" class=\"attachment-large size-large wp-image-6526786\" alt=\"\" srcset=\"https:\/\/www.sip.ch\/wp-content\/uploads\/2025\/11\/img_3.jpg.jpeg 540w, https:\/\/www.sip.ch\/wp-content\/uploads\/2025\/11\/img_3.jpg-300x195.jpeg 300w\" sizes=\"(max-width: 540px) 100vw, 540px\" \/>\t\t\t\t\t\t\t\t\t\t\t\t\t\t\t<\/div>\n\t\t\t\t<\/div>\n\t\t\t\t\t<\/div>\n\t\t<\/div>\n\t\t\t\t\t<\/div>\n\t\t<\/section>\n\t\t\t\t<\/div>\n\t\t\n<h3>Questions fr\u00e9quentes<\/h3>\n<h4><strong>Puis-je utiliser mon assurance maladie internationale \u00e0 la place de l\u2019assurance de base suisse ?<\/strong><\/h4>\n<p>Pour la plupart des r\u00e9sidents, non. La loi suisse exige l\u2019assurance de base (LAMal) dans les trois mois suivant la prise de domicile, avec seulement cinq exceptions \u00e9troites. La couverture priv\u00e9e internationale peut compl\u00e9ter le syst\u00e8me suisse mais ne remplace g\u00e9n\u00e9ralement pas l\u2019obligation l\u00e9gale.<\/p>\n<h4><strong>Que se passe-t-il si je d\u00e9passe le d\u00e9lai de trois mois ?<\/strong><\/h4>\n<p>Le canton peut affilier d\u2019office \u00e0 une assurance de base, avec effet r\u00e9troactif \u00e0 votre arriv\u00e9e, et une surprime peut s\u2019appliquer. Organiser sa couverture avec soin d\u00e8s l\u2019arriv\u00e9e \u00e9vite cela.<\/p>\n<h4><strong>Si je tombe malade en Suisse, pourrai-je encore obtenir une couverture internationale \u00e0 mon d\u00e9part ?<\/strong><\/h4>\n<p>Pas automatiquement. Un nouvel assureur international r\u00e9\u00e9valuera g\u00e9n\u00e9ralement la demande et peut refuser, exclure une affection ou majorer la prime. Certains assureurs compl\u00e9mentaires suisses permettent de passer \u00e0 une couverture mondiale sans nouveau questionnaire m\u00e9dical lors d\u2019une relocalisation; les conditions varient d\u2019un assureur \u00e0 l\u2019autre.<\/p>\n<h4><strong>Qu\u2019est-ce que le 3e pilier et les expatri\u00e9s devraient-ils s\u2019en soucier ?<\/strong><\/h4>\n<p>Le pilier 3a est un compte d\u2019\u00e9pargne-retraite fiscalement avantageux \u2014 vous pouvez d\u00e9duire jusqu\u2019\u00e0 CHF 7 258 (2026) de votre revenu imposable chaque ann\u00e9e si vous \u00eates affili\u00e9 \u00e0 une caisse de pension. Pour les expatri\u00e9s en mission de plusieurs ann\u00e9es, il peut offrir de r\u00e9elles \u00e9conomies d\u2019imp\u00f4t, un capital retraite et de la flexibilit\u00e9, et peut \u00eatre vers\u00e9 lors d\u2019un d\u00e9part d\u00e9finitif de Suisse.<\/p>\n","protected":false},"excerpt":{"rendered":"<p>En bref : Beaucoup de personnes qui s\u2019installent en Suisse supposent que l\u2019assurance maladie priv\u00e9e internationale (IPMI) qu\u2019elles d\u00e9tiennent d\u00e9j\u00e0 les couvrira une fois sur place. Pour la plupart, ce n\u2019est pas le cas \u2014 la loi suisse impose aux r\u00e9sidents de souscrire une assurance de base locale dans les trois mois suivant apr\u00e8s leur [&hellip;]<\/p>\n","protected":false},"author":12034,"featured_media":6527490,"comment_status":"closed","ping_status":"open","sticky":false,"template":"","format":"standard","meta":{"footnotes":""},"categories":[1300573,1300367],"tags":[1300576,1300390,1300319,1300577,1300575,1300579,1300578,1300574],"class_list":["post-6527503","post","type-post","status-publish","format-standard","has-post-thumbnail","hentry","category-assurance-pour-clients-prives-et-entreprises","category-assurance-sante-internationale","tag-assurance-maladie-en-suisse","tag-assurance-sante-internationale","tag-assurance-sante-pour-expatries","tag-familles-internationales","tag-global-mobility-fr","tag-la-suisse-pour-les-expatries","tag-mobilite-internationale","tag-systeme-de-sante-suisse"],"aioseo_notices":[],"_links":{"self":[{"href":"https:\/\/www.sip.ch\/fr\/wp-json\/wp\/v2\/posts\/6527503","targetHints":{"allow":["GET"]}}],"collection":[{"href":"https:\/\/www.sip.ch\/fr\/wp-json\/wp\/v2\/posts"}],"about":[{"href":"https:\/\/www.sip.ch\/fr\/wp-json\/wp\/v2\/types\/post"}],"author":[{"embeddable":true,"href":"https:\/\/www.sip.ch\/fr\/wp-json\/wp\/v2\/users\/12034"}],"replies":[{"embeddable":true,"href":"https:\/\/www.sip.ch\/fr\/wp-json\/wp\/v2\/comments?post=6527503"}],"version-history":[{"count":1,"href":"https:\/\/www.sip.ch\/fr\/wp-json\/wp\/v2\/posts\/6527503\/revisions"}],"predecessor-version":[{"id":6527504,"href":"https:\/\/www.sip.ch\/fr\/wp-json\/wp\/v2\/posts\/6527503\/revisions\/6527504"}],"wp:featuredmedia":[{"embeddable":true,"href":"https:\/\/www.sip.ch\/fr\/wp-json\/wp\/v2\/media\/6527490"}],"wp:attachment":[{"href":"https:\/\/www.sip.ch\/fr\/wp-json\/wp\/v2\/media?parent=6527503"}],"wp:term":[{"taxonomy":"category","embeddable":true,"href":"https:\/\/www.sip.ch\/fr\/wp-json\/wp\/v2\/categories?post=6527503"},{"taxonomy":"post_tag","embeddable":true,"href":"https:\/\/www.sip.ch\/fr\/wp-json\/wp\/v2\/tags?post=6527503"}],"curies":[{"name":"wp","href":"https:\/\/api.w.org\/{rel}","templated":true}]}}